{"id":1024,"date":"2022-12-06T17:30:28","date_gmt":"2022-12-06T16:30:28","guid":{"rendered":"https:\/\/www.rothkopf-huberty.de\/blog\/?p=1024"},"modified":"2022-12-06T17:32:15","modified_gmt":"2022-12-06T16:32:15","slug":"festivalbranche-live-vom-reeperbahn-festival-zu-future-of-festivals","status":"publish","type":"post","link":"https:\/\/www.rothkopf-huberty.de\/blog\/festivalbranche-live-vom-reeperbahn-festival-zu-future-of-festivals\/","title":{"rendered":"Von Hamburg nach Berlin: Reeperbahn Festival &#038; Future of Festivals"},"content":{"rendered":"\n<p>Wenn die B\u00fchnen-Spotlights nach und nach erlischen und die Festivalsaison sich langsam ihrem Ende zuneigt, dann stehen f\u00fcr Veranstalter:innen und Dienstleister:Innen zwei der wichtigsten Branchentreffen vor der T\u00fcr: Das Reeperbahnfestival und das Future of Festivals. Beide Events bieten die perfekte Gelegenheit sich untereinander auszutauschen, die vergangene Festivalsaison Revue passieren zu lassen und einen Blick auf 2023 zu werfen. Was werden die Herausforderungen f\u00fcr n\u00e4chstes Jahr sein? Welche Trends zeichnen sich jetzt schon ab? Und wie wird sich die Festivalbranche weiterentwickeln m\u00fcssen, um dabei mithalten zu k\u00f6nnen? Wir waren f\u00fcr euch mit unserer Unit R&amp;H Live! nat\u00fcrlich bei beiden Veranstaltungen am Start und fassen die wichtigsten Erkenntnisse zusammen.<\/p>\n\n\n\n<h2 class=\"wp-block-heading\"><strong>Reeperbahn Festival (22. &#8211; 23. September, Hamburg)<\/strong><\/h2>\n\n\n\n<p><\/p>\n\n\n\n<div class=\"wp-block-columns is-layout-flex wp-container-core-columns-is-layout-9d6595d7 wp-block-columns-is-layout-flex\">\n<div class=\"wp-block-column is-layout-flow wp-block-column-is-layout-flow\" style=\"flex-basis:33.33%\">\n<figure class=\"wp-block-image size-large\"><img loading=\"lazy\" decoding=\"async\" width=\"738\" height=\"1024\" src=\"https:\/\/www.rothkopf-huberty.de\/blog\/wp-content\/uploads\/IMG_5361-2-738x1024.jpg\" alt=\"\" class=\"wp-image-1057\" srcset=\"https:\/\/www.rothkopf-huberty.de\/blog\/wp-content\/uploads\/IMG_5361-2-738x1024.jpg 738w, https:\/\/www.rothkopf-huberty.de\/blog\/wp-content\/uploads\/IMG_5361-2-216x300.jpg 216w, https:\/\/www.rothkopf-huberty.de\/blog\/wp-content\/uploads\/IMG_5361-2-768x1066.jpg 768w, https:\/\/www.rothkopf-huberty.de\/blog\/wp-content\/uploads\/IMG_5361-2.jpg 926w\" sizes=\"auto, (max-width: 738px) 100vw, 738px\" \/><\/figure>\n<\/div>\n\n\n\n<div class=\"wp-block-column is-layout-flow wp-block-column-is-layout-flow\" style=\"flex-basis:66.66%\">\n<p><br>Zun\u00e4chst ging es f\u00fcr uns hoch in den Norden, in die Hansestadt Hamburg. Das dortige Reeperbahn Festival ist mittlerweile ein fester Bestandteil in unserem Event-Kalender. Gestartet im Jahre 2006, kreuzten sich unsere Wege 2009 das erste Mal bei einem Markenauftritt unseres damaligen Kunden\u00a0<a href=\"https:\/\/www.rothkopf-huberty.de\/referenzen\/live\/converse\/\" target=\"_blank\" rel=\"noreferrer noopener\">Converse<\/a>. Das zu dieser Zeit noch recht junge aber schon anspruchsvolle Festival mitten in der Stadt richtete sich haupts\u00e4chlich an Musikliebhaber:innen, die in den unz\u00e4hligen Locations neue K\u00fcnstler:innen entdecken konnten. Die Devise war simpel: sich einfach vom Flair treiben lassen.<br><br>Im Laufe der Jahre wurde das Reeperbahn Festival jedoch immer mehr auch zum Treffpunkt der gesamten Musikbranche.\u00a0Workshops, Awards, Themen-Panels und eine Vielzahl interessanter G\u00e4ste sind nun neben Live-Konzerten der Kern dieses umfangreichen Happenings. Das in Hamburg zudem noch die gro\u00dfen Veranstalter- &amp; Konzertagenturen sitzen, spielte der Entwicklung des Festivals gut in die Karten \u00ad\u2013 und das merkt man!<\/p>\n<\/div>\n<\/div>\n\n\n\n<p>Jetzt, mehr als 15 Jahre nach dem Startschuss, waren allein rund 350 Speaker aus der Veranstaltungsbranche bei der Konferenz mit dabei und haben in \u00fcber 130 Sessions und Interviews Einblicke in verschiedene Themen rund um die Festivallandschaft gegeben. Neben den aktuellen Herausforderungen, die wohl an niemanden in den letzten zweieinhalb Jahren spurlos vor\u00fcbergegangen sind, wurde aber auch nach vorne geblickt. Dabei ging es u.a. um den Stellenwert, den digitale Musikangebote wie Amazon Music oder Apple heutzutage einnehmen oder wie man Social-Media-Plattformen wie TikTok zuk\u00fcnftig geschickt zur Musikvermarktung einsetzt. Diese \u00ad\u2013 und <a href=\"https:\/\/www.reeperbahnfestival.com\/de\/konferenz\/programm\" target=\"_blank\" rel=\"noreferrer noopener\">noch\u00a0viele weitere Themen<\/a>\u00a0\u2013 machen das Konferenzprogramm des Reeperbahn Festival zu einer wahren Bereicherung \u00fcber die eigentlichen Festivalgrenzen hinaus.<\/p>\n\n\n\n<h2 class=\"wp-block-heading\"><strong>Networken mit Freunden<\/strong>.<\/h2>\n\n\n\n<p class=\"has-small-font-size\"><br>F\u00fcr uns ist das <a href=\"https:\/\/www.reeperbahnfestival.com\/de\/startseite\" target=\"_blank\" rel=\"noreferrer noopener\">Reeperbahn Festival<\/a> in den letzten Jahren tats\u00e4chlich mehr als nur ein reines Branchentreffen geworden. Es ist ein Wiedersehen mit alten Freunden, mit langj\u00e4hrigen Dienstleister:innen, Kund:innen und Kolleg:innen. Ein Networking Event, das eher einem Klassentreffen \u00e4hnelt \u00ad\u2013 nur mit besserem Line-Up und noch besserer Stimmung. Dazu geh\u00f6rt dann auch schonmal die Grillparty auf der Dachterrasse vom Live Nation, im Millerntorstadion mit dem Team von FKP Scorpio guten Wein trinken oder bei der legend\u00e4ren Deichbrand Party den Veranstalter:innen wieder einen guten Grund f\u00fcr einen Neuanstrich der B\u00fcror\u00e4ume zu liefern.\u00a0<\/p>\n\n\n\n<p>Man merkt, die pers\u00f6nlichen Kontakte, die man \u00fcber die Jahre bei Festivals und anderen Veranstaltungen gekn\u00fcpft hat, machen sich gerade auf dem Reeperbahn Festival bemerkbar. Insbesondere bei diesen vergesslichen Momenten, die man zusammen genie\u00dft \u2013 danke daf\u00fcr! Daher k\u00f6nnen wir eins garantieren: Wir sehen uns auch im n\u00e4chsten Jahr in Hamburg wieder, cheers!<\/p>\n\n\n\n<hr class=\"wp-block-separator has-alpha-channel-opacity\"\/>\n\n\n\n<h2 class=\"wp-block-heading\"><strong>Future of Festivals (25. \u2013 26. November, Berlin)<\/strong><\/h2>\n\n\n\n<div class=\"wp-block-columns is-layout-flex wp-container-core-columns-is-layout-9d6595d7 wp-block-columns-is-layout-flex\">\n<div class=\"wp-block-column is-layout-flow wp-block-column-is-layout-flow\" style=\"flex-basis:66.66%\">\n<p><br>Ganz aktuell waren wir Ende November beim <a href=\"https:\/\/www.futureoffestivals.com\" target=\"_blank\" rel=\"noreferrer noopener\">Future of Festivals<\/a> in Berlin vor Ort. Als Neuling unter den Branchentreffen \u00ad\u2013 und in diesem Jahr erst das zweite Mal in Real Life \u2013 wendet sich dieses Event ganz konkret an Festivalmacher:innen und Dienstleister:innen. Diverse Aussteller:innen und Markenauftritte informieren \u00fcber alles, was f\u00fcr die Branche wichtig ist, und sie antreibt: von der perfekten Camping Gear bis zu aktuellen Sicherheitssystemen; von Food-Trends zu notwenigen Technik-Upgrades. Dabei aber immer im Fokus: Die Themen Nachhaltigkeit, Digitalisierung und Nachwuchsf\u00f6rderung.\u00a0<\/p>\n\n\n\n<h2 class=\"wp-block-heading\"><strong>Bewusster feiern \u2013 nachhaltiger leben.<\/strong><\/h2>\n\n\n\n<p>Das Thema Nachhaltigkeit bleibt weiterhin ein wichtiger Diskussionsgrund in der Gesellschaft und r\u00fcckt auch bei den Festivalbesucher:innen immer st\u00e4rker ins Bewusstsein. Gerade Festivals m\u00fcssen in diesem Bereich zuk\u00fcnftig noch gr\u00f6\u00dfere Anstrengungen unternehmen, um bei ihrer jungen Zielgruppe weiterhin akzeptiert zu werden. Wegwerfbecher und Einmal-Zelte geh\u00f6ren der Vergangenheit an. Es wird auf holistische Nachhaltigkeitskonzepte gesetzt, die die komplette Festival-Experience begleiten.<\/p>\n<\/div>\n\n\n\n<div class=\"wp-block-column is-layout-flow wp-block-column-is-layout-flow\" style=\"flex-basis:33.33%\">\n<figure class=\"wp-block-image size-large is-style-default\"><img loading=\"lazy\" decoding=\"async\" width=\"768\" height=\"1024\" src=\"https:\/\/www.rothkopf-huberty.de\/blog\/wp-content\/uploads\/IMG_5355-768x1024.jpg\" alt=\"\" class=\"wp-image-1072\" srcset=\"https:\/\/www.rothkopf-huberty.de\/blog\/wp-content\/uploads\/IMG_5355-768x1024.jpg 768w, https:\/\/www.rothkopf-huberty.de\/blog\/wp-content\/uploads\/IMG_5355-225x300.jpg 225w, https:\/\/www.rothkopf-huberty.de\/blog\/wp-content\/uploads\/IMG_5355-1152x1536.jpg 1152w, https:\/\/www.rothkopf-huberty.de\/blog\/wp-content\/uploads\/IMG_5355-1536x2048.jpg 1536w, https:\/\/www.rothkopf-huberty.de\/blog\/wp-content\/uploads\/IMG_5355-1568x2091.jpg 1568w, https:\/\/www.rothkopf-huberty.de\/blog\/wp-content\/uploads\/IMG_5355-scaled.jpg 1920w\" sizes=\"auto, (max-width: 768px) 100vw, 768px\" \/><figcaption class=\"wp-element-caption\">Immer interessant: die Panel-Diskussionen mit spannenden Speaker:innen<\/figcaption><\/figure>\n<\/div>\n<\/div>\n\n\n\n<p>Ob kompostierbarer Glitzer, der Einsatz von Wasserstoff-Generatoren, Ideen zur aktiven M\u00fcllvermeidung oder nachhaltige Merchandise-Artikel und Sponsoring-Ma\u00dfnahmen \u2013 es gibt viele spannende Ans\u00e4tze, die Nachhaltigkeit nicht nur als Trend, sondern als zukunftsweisende Bewegung verstehen. Auch wir sehen uns in der Pflicht unseren Kunden entsprechende Konzepte vorzustellen, um gemeinsam f\u00fcr einen bewussteren Umgang mit Ressourcen zu sensibilisieren, ohne das Markenerlebnis dabei in den Hintergrund zu r\u00fccken.<\/p>\n\n\n\n<h2 class=\"wp-block-heading\"><strong>Daten f\u00fcr mehr Effizienz &amp; Messbarkeit<\/strong>.<\/h2>\n\n\n\n<p>Ebenfalls ein hei\u00dfes Thema: Digitalisierung. Die Veranstaltungsbranche ist in dieser Hinsicht noch relativ konservativ aufgestellt, doch der Trend ist klar sp\u00fcrbar. Eine Vernetzung bestehender Systeme (bspw. Ticketing, Kassensysteme etc.) mit weiterreichenden Technologien k\u00f6nnte f\u00fcr Festivalmacher:innen, Dienstleister:innen und Sponsor:innen viele neue Erkenntnisse bringen, u.a. f\u00fcr:<\/p>\n\n\n\n<ul class=\"wp-block-list\">\n<li>Aspekte der Sicherheit<\/li>\n\n\n\n<li>Ausrichtung der Marketing-Ma\u00dfnahmen<\/li>\n\n\n\n<li>Messbarkeit der Standplatz-Attraktivit\u00e4t von Sponsor:innen<\/li>\n\n\n\n<li>Optimierungsm\u00f6glichkeiten der Festival-Infrastruktur<\/li>\n<\/ul>\n\n\n\n<p>Hier gilt es jedoch einen Kompromiss zwischen der Verarbeitung personenbezogener Daten und dem Benefit f\u00fcr Besucher:innen und Marketer zu finden. Denn personalisierte Werbung bringt zwar auch dem oder der Konsument:in einen Mehrwert, aber es muss jeder selbst entscheiden d\u00fcrfen, inwieweit seine Daten genutzt werden. Eine Opt-Out-Option muss unserer Meinung nach in jedem Fall gegeben sein.<\/p>\n\n\n\n<p>Zus\u00e4tzlich besch\u00e4ftigt die Branche weiterhin das Thema einer fl\u00e4chendeckenden Internetanbindung auf Gro\u00dfveranstaltung. F\u00fcr die Erhebung von Live-Daten ein unabdingbarer Faktor \u2013 und generell bis zur L\u00f6sung das grundlegende Problem f\u00fcr alle modernisierungswilligen Veranstalter:innen.\u00a0<\/p>\n\n\n\n<p>All diese Ans\u00e4tze und Ideen befinden sich zurzeit noch in der Entwicklungs- &amp; Lernphase. Doch das Interesse daran w\u00e4chst in der Veranstaltungsbranche zusehens und wird f\u00fcr uns in Zukunft auch ein wichtigeres Thema werden.\u00a0<\/p>\n\n\n\n<h2 class=\"wp-block-heading\"><strong>Auf der Suche nach Nachwuchs<\/strong>.<\/h2>\n\n\n\n<p>Nat\u00fcrlich ist auch der Mangel an Fachpersonal und qualifiziertem Nachwuchs f\u00fcr die Festivalllandschaft, wie auch f\u00fcr die Gastronomie, eines der Hot Topics. Viele Mitarbeiter:innen kehrten der Veranstaltungsbranche in Zeiten der Coronakrise den R\u00fccken und wandten sich branchenfremden Bereichen zu. <\/p>\n\n\n\n<div class=\"wp-block-columns is-layout-flex wp-container-core-columns-is-layout-9d6595d7 wp-block-columns-is-layout-flex\">\n<div class=\"wp-block-column is-layout-flow wp-block-column-is-layout-flow\">\n<figure class=\"wp-block-image size-large\"><img loading=\"lazy\" decoding=\"async\" width=\"1024\" height=\"768\" src=\"https:\/\/www.rothkopf-huberty.de\/blog\/wp-content\/uploads\/IMG_7776-1-1024x768.jpg\" alt=\"\" class=\"wp-image-1127\" srcset=\"https:\/\/www.rothkopf-huberty.de\/blog\/wp-content\/uploads\/IMG_7776-1-1024x768.jpg 1024w, https:\/\/www.rothkopf-huberty.de\/blog\/wp-content\/uploads\/IMG_7776-1-300x225.jpg 300w, https:\/\/www.rothkopf-huberty.de\/blog\/wp-content\/uploads\/IMG_7776-1-768x576.jpg 768w, https:\/\/www.rothkopf-huberty.de\/blog\/wp-content\/uploads\/IMG_7776-1-1536x1152.jpg 1536w, https:\/\/www.rothkopf-huberty.de\/blog\/wp-content\/uploads\/IMG_7776-1-2048x1536.jpg 2048w, https:\/\/www.rothkopf-huberty.de\/blog\/wp-content\/uploads\/IMG_7776-1-1568x1176.jpg 1568w\" sizes=\"auto, (max-width: 1024px) 100vw, 1024px\" \/><\/figure>\n<\/div>\n\n\n\n<div class=\"wp-block-column is-layout-flow wp-block-column-is-layout-flow\">\n<p>Die Attraktivit\u00e4t von Festivals als saisonaler Arbeitgeber, die als solche vor einigen Jahren noch v\u00f6llig ausgereicht hat, lockt nicht mehr. Zus\u00e4tzliche Anreize und Benefits m\u00fcssen geschaffen werden. Hier haben wir dieses Jahr bereits umf\u00e4ngliche Ma\u00dfnahmen implementiert, um das Arbeitsumfeld unserer Promoter:innen abwechslungsreich und angenehm zu gestalten.\u00a0<\/p>\n\n\n\n<p>Ein st\u00e4rkeres Employer Branding wird also auch in den kommenden Jahren der Schl\u00fcssel sein, um Veranstaltungen sicher und planbar mit dem notwendigen Fachpersonal umsetzen zu k\u00f6nnen. Denn man kann sicher sein, dass die Nachwehen der Coronajahre noch einige Zeit zu sp\u00fcren sein werden.<\/p>\n<\/div>\n<\/div>\n\n\n\n<hr class=\"wp-block-separator has-alpha-channel-opacity\"\/>\n\n\n\n<h2 class=\"wp-block-heading\"><strong>Tsch\u00fcss! Wir sehen uns 2023 wieder!<\/strong><\/h2>\n\n\n\n<p>Eins haben uns beide Veranstaltungen bewiesen: Die Branche ist stark in Bewegung \u2013 vor allem nach fast zwei Jahren (Zwangs-)Pause. Doch der Aufschwung ist sp\u00fcrbar! Wir sehen, dass sich nicht nur die Festivalbranche weiterentwickelt, sondern auch, dass immer mehr Marken und Unternehmen den Wert von Live Marketing, Event- &amp; Festival-Sponsoring erkennen. Und diejenigen, die die Branche noch nicht f\u00fcr sich entdeckt haben, werden es wohl in den kommenden Jahren noch tun, denn Fakt ist: nachhaltige Markeninzenierungen leben vom WOW-Moment!<\/p>\n\n\n\n<p>An dieser Stelle m\u00f6chten wir nat\u00fcrlich auch noch kurz den von H\u00f6me ins Leben gerufene <a href=\"https:\/\/www.festivalplayground.com\" target=\"_blank\" rel=\"noreferrer noopener\">Festival Playground<\/a> erw\u00e4hnen, bei dem wir dieses Jahr leider nicht teilnehmen konnten. Letztes Jahr haben wir es aber umso mehr genossen, da es eines der einzigen Live-Festivals war, das stattgefunden hat. Und das Konzept \u00fcberzeugt: \u00dcber 200 Festivalveranstalter:innen verbringen intensive 3 Tage miteinander und sprechen offen \u00fcber die Zukunft, Herausforderungen, W\u00fcnsche und Chancen. Wir hoffen, dass wir das n\u00e4chste Mal auch wieder dabei sein k\u00f6nnen.<\/p>\n\n\n\n<p>Jetzt aber: Wir sagen der Festivalsaison 2022 nun \u201etsch\u00fcss\u201c und freuen uns die neuen Impulse, die wir von den beiden Branchentreffen mitgenommen haben, in unseren Vorbereitungen f\u00fcr die kommende Saison einflie\u00dfen zu lassen. 2023 \u00ad\u2013 es wird gut!<\/p>\n\n\n\n<hr class=\"wp-block-separator has-alpha-channel-opacity\"\/>\n\n\n\n<p>Wenn Festival Sponsoring auch f\u00fcr euch ein spannendes Thema ist, ihr aber auch nicht ganz sicher seid, was machbar und sinnvoll ist, dann meldet euch gerne bei <a href=\"mailto:live@rothkopf-huberty.de\" target=\"_blank\" rel=\"noreferrer noopener\">live@rothkopf-huberty.de<\/a><\/p>\n","protected":false},"excerpt":{"rendered":"<p>Wenn die B\u00fchnen-Spotlights nach und nach erlischen und die Festivalsaison sich langsam ihrem Ende zuneigt, dann stehen f\u00fcr Veranstalter:innen und Dienstleister:Innen zwei der wichtigsten Branchentreffen vor der T\u00fcr: Das Reeperbahnfestival und das Future of Festivals. Beide Events bieten die perfekte Gelegenheit sich untereinander auszutauschen, die vergangene Festivalsaison Revue passieren zu lassen und einen Blick auf 2023 zu werfen. Was werden die Herausforderungen f\u00fcr n\u00e4chstes Jahr sein? Welche Trends zeichnen sich jetzt schon ab? Und wie wird sich die Festivalbranche weiterentwickeln m\u00fcssen, um dabei mithalten zu k\u00f6nnen? Wir waren f\u00fcr euch mit unserer Unit R&amp;H Live! nat\u00fcrlich bei beiden Veranstaltungen am&hellip; <a class=\"more-link\" href=\"https:\/\/www.rothkopf-huberty.de\/blog\/festivalbranche-live-vom-reeperbahn-festival-zu-future-of-festivals\/\"><span class=\"screen-reader-text\">Von Hamburg nach Berlin: Reeperbahn Festival &#038; Future of Festivals<\/span> weiterlesen<\/a><\/p>\n","protected":false},"author":2,"featured_media":0,"comment_status":"open","ping_status":"open","sticky":false,"template":"","format":"standard","meta":{"_acf_changed":false,"footnotes":""},"categories":[3],"tags":[60,11,64,39,25,61,63,9,66,65,23,62,27,31],"class_list":["post-1024","post","type-post","status-publish","format-standard","hentry","category-rh-live","tag-branchentreffen","tag-festival","tag-festival-playground","tag-festivalbranche","tag-festivalpromotion","tag-future-of-festivals","tag-hoeme","tag-marketing","tag-network","tag-networking","tag-promotion","tag-reeperbahn-festival","tag-sommerjob","tag-werbeagentur","entry"],"acf":[],"yoast_head":"<!-- This site is optimized with the Yoast SEO plugin v23.0 - https:\/\/yoast.com\/wordpress\/plugins\/seo\/ -->\n<title>Von Hamburg nach Berlin: Reeperbahn Festival &amp; Future of Festivals<\/title>\n<meta name=\"description\" content=\"R&amp;H Live! war f\u00fcr euch bei beiden Veranstaltungen am Start und und berichte jetzt \u00fcber die wichtigsten Erkenntnisse der Festivalbranche.\" \/>\n<meta name=\"robots\" content=\"index, follow, max-snippet:-1, max-image-preview:large, max-video-preview:-1\" \/>\n<link rel=\"canonical\" href=\"https:\/\/www.rothkopf-huberty.de\/blog\/festivalbranche-live-vom-reeperbahn-festival-zu-future-of-festivals\/\" \/>\n<meta property=\"og:locale\" content=\"de_DE\" \/>\n<meta property=\"og:type\" content=\"article\" \/>\n<meta property=\"og:title\" content=\"Von Hamburg nach Berlin: Reeperbahn Festival &amp; Future of Festivals\" \/>\n<meta property=\"og:description\" content=\"R&amp;H Live! war f\u00fcr euch bei beiden Veranstaltungen am Start und und berichte jetzt \u00fcber die wichtigsten Erkenntnisse der Festivalbranche.\" \/>\n<meta property=\"og:url\" content=\"https:\/\/www.rothkopf-huberty.de\/blog\/festivalbranche-live-vom-reeperbahn-festival-zu-future-of-festivals\/\" \/>\n<meta property=\"og:site_name\" content=\"Rothkopf &amp; Huberty Blog\" \/>\n<meta property=\"article:published_time\" content=\"2022-12-06T16:30:28+00:00\" \/>\n<meta property=\"article:modified_time\" content=\"2022-12-06T16:32:15+00:00\" \/>\n<meta property=\"og:image\" content=\"https:\/\/www.rothkopf-huberty.de\/blog\/wp-content\/uploads\/IMG_7776-1-scaled.jpg\" \/>\n\t<meta property=\"og:image:width\" content=\"2560\" \/>\n\t<meta property=\"og:image:height\" content=\"1920\" \/>\n\t<meta property=\"og:image:type\" content=\"image\/jpeg\" \/>\n<meta name=\"author\" content=\"Merle Stuckmann\" \/>\n<meta name=\"twitter:card\" content=\"summary_large_image\" \/>\n<meta name=\"twitter:title\" content=\"Von Hamburg nach Berlin: Reeperbahn Festival &amp; Future of Festivals\" \/>\n<meta name=\"twitter:description\" content=\"R&amp;H Live! war f\u00fcr euch bei beiden Veranstaltungen am Start und und berichte jetzt \u00fcber die wichtigsten Erkenntnisse der Festivalbranche.\" \/>\n<meta name=\"twitter:image\" content=\"https:\/\/www.rothkopf-huberty.de\/blog\/wp-content\/uploads\/IMG_7776-1-scaled.jpg\" \/>\n<meta name=\"twitter:label1\" content=\"Verfasst von\" \/>\n\t<meta name=\"twitter:data1\" content=\"Merle Stuckmann\" \/>\n\t<meta name=\"twitter:label2\" content=\"Gesch\u00e4tzte Lesezeit\" \/>\n\t<meta name=\"twitter:data2\" content=\"8\u00a0Minuten\" \/>\n<script type=\"application\/ld+json\" class=\"yoast-schema-graph\">{\"@context\":\"https:\/\/schema.org\",\"@graph\":[{\"@type\":\"WebPage\",\"@id\":\"https:\/\/www.rothkopf-huberty.de\/blog\/festivalbranche-live-vom-reeperbahn-festival-zu-future-of-festivals\/\",\"url\":\"https:\/\/www.rothkopf-huberty.de\/blog\/festivalbranche-live-vom-reeperbahn-festival-zu-future-of-festivals\/\",\"name\":\"Von Hamburg nach Berlin: Reeperbahn Festival & Future of Festivals\",\"isPartOf\":{\"@id\":\"https:\/\/www.rothkopf-huberty.de\/blog\/#website\"},\"primaryImageOfPage\":{\"@id\":\"https:\/\/www.rothkopf-huberty.de\/blog\/festivalbranche-live-vom-reeperbahn-festival-zu-future-of-festivals\/#primaryimage\"},\"image\":{\"@id\":\"https:\/\/www.rothkopf-huberty.de\/blog\/festivalbranche-live-vom-reeperbahn-festival-zu-future-of-festivals\/#primaryimage\"},\"thumbnailUrl\":\"https:\/\/www.rothkopf-huberty.de\/blog\/wp-content\/uploads\/IMG_5361-2-738x1024.jpg\",\"datePublished\":\"2022-12-06T16:30:28+00:00\",\"dateModified\":\"2022-12-06T16:32:15+00:00\",\"author\":{\"@id\":\"https:\/\/www.rothkopf-huberty.de\/blog\/#\/schema\/person\/307db25532a83583653bc3d11bec91af\"},\"description\":\"R&H Live! war f\u00fcr euch bei beiden Veranstaltungen am Start und und berichte jetzt \u00fcber die wichtigsten Erkenntnisse der Festivalbranche.\",\"breadcrumb\":{\"@id\":\"https:\/\/www.rothkopf-huberty.de\/blog\/festivalbranche-live-vom-reeperbahn-festival-zu-future-of-festivals\/#breadcrumb\"},\"inLanguage\":\"de\",\"potentialAction\":[{\"@type\":\"ReadAction\",\"target\":[\"https:\/\/www.rothkopf-huberty.de\/blog\/festivalbranche-live-vom-reeperbahn-festival-zu-future-of-festivals\/\"]}]},{\"@type\":\"ImageObject\",\"inLanguage\":\"de\",\"@id\":\"https:\/\/www.rothkopf-huberty.de\/blog\/festivalbranche-live-vom-reeperbahn-festival-zu-future-of-festivals\/#primaryimage\",\"url\":\"https:\/\/www.rothkopf-huberty.de\/blog\/wp-content\/uploads\/IMG_5361-2.jpg\",\"contentUrl\":\"https:\/\/www.rothkopf-huberty.de\/blog\/wp-content\/uploads\/IMG_5361-2.jpg\",\"width\":926,\"height\":1285},{\"@type\":\"BreadcrumbList\",\"@id\":\"https:\/\/www.rothkopf-huberty.de\/blog\/festivalbranche-live-vom-reeperbahn-festival-zu-future-of-festivals\/#breadcrumb\",\"itemListElement\":[{\"@type\":\"ListItem\",\"position\":1,\"name\":\"Startseite\",\"item\":\"https:\/\/www.rothkopf-huberty.de\/blog\/\"},{\"@type\":\"ListItem\",\"position\":2,\"name\":\"Von Hamburg nach Berlin: Reeperbahn Festival &#038; Future of Festivals\"}]},{\"@type\":\"WebSite\",\"@id\":\"https:\/\/www.rothkopf-huberty.de\/blog\/#website\",\"url\":\"https:\/\/www.rothkopf-huberty.de\/blog\/\",\"name\":\"Rothkopf &amp; Huberty Blog\",\"description\":\"Das &quot;WOW!&quot; erleben\",\"potentialAction\":[{\"@type\":\"SearchAction\",\"target\":{\"@type\":\"EntryPoint\",\"urlTemplate\":\"https:\/\/www.rothkopf-huberty.de\/blog\/?s={search_term_string}\"},\"query-input\":\"required name=search_term_string\"}],\"inLanguage\":\"de\"},{\"@type\":\"Person\",\"@id\":\"https:\/\/www.rothkopf-huberty.de\/blog\/#\/schema\/person\/307db25532a83583653bc3d11bec91af\",\"name\":\"Merle Stuckmann\",\"image\":{\"@type\":\"ImageObject\",\"inLanguage\":\"de\",\"@id\":\"https:\/\/www.rothkopf-huberty.de\/blog\/#\/schema\/person\/image\/\",\"url\":\"https:\/\/secure.gravatar.com\/avatar\/2178de21f7156f749ee41373c62d4e2d729dd32478f5a6fe3f820240bbed50de?s=96&d=mm&r=g\",\"contentUrl\":\"https:\/\/secure.gravatar.com\/avatar\/2178de21f7156f749ee41373c62d4e2d729dd32478f5a6fe3f820240bbed50de?s=96&d=mm&r=g\",\"caption\":\"Merle Stuckmann\"},\"sameAs\":[\"http:\/\/www.rothkopf-huberty.de\"],\"url\":\"https:\/\/www.rothkopf-huberty.de\/blog\/author\/rothkopf-huberty-blog-merlestuckmannwp-ea5iqe\/\"}]}<\/script>\n<!-- \/ Yoast SEO plugin. -->","yoast_head_json":{"title":"Von Hamburg nach Berlin: Reeperbahn Festival & Future of Festivals","description":"R&H Live! war f\u00fcr euch bei beiden Veranstaltungen am Start und und berichte jetzt \u00fcber die wichtigsten Erkenntnisse der Festivalbranche.","robots":{"index":"index","follow":"follow","max-snippet":"max-snippet:-1","max-image-preview":"max-image-preview:large","max-video-preview":"max-video-preview:-1"},"canonical":"https:\/\/www.rothkopf-huberty.de\/blog\/festivalbranche-live-vom-reeperbahn-festival-zu-future-of-festivals\/","og_locale":"de_DE","og_type":"article","og_title":"Von Hamburg nach Berlin: Reeperbahn Festival & Future of Festivals","og_description":"R&H Live! war f\u00fcr euch bei beiden Veranstaltungen am Start und und berichte jetzt \u00fcber die wichtigsten Erkenntnisse der Festivalbranche.","og_url":"https:\/\/www.rothkopf-huberty.de\/blog\/festivalbranche-live-vom-reeperbahn-festival-zu-future-of-festivals\/","og_site_name":"Rothkopf &amp; Huberty Blog","article_published_time":"2022-12-06T16:30:28+00:00","article_modified_time":"2022-12-06T16:32:15+00:00","og_image":[{"width":2560,"height":1920,"url":"https:\/\/www.rothkopf-huberty.de\/blog\/wp-content\/uploads\/IMG_7776-1-scaled.jpg","type":"image\/jpeg"}],"author":"Merle Stuckmann","twitter_card":"summary_large_image","twitter_title":"Von Hamburg nach Berlin: Reeperbahn Festival & Future of Festivals","twitter_description":"R&H Live! war f\u00fcr euch bei beiden Veranstaltungen am Start und und berichte jetzt \u00fcber die wichtigsten Erkenntnisse der Festivalbranche.","twitter_image":"https:\/\/www.rothkopf-huberty.de\/blog\/wp-content\/uploads\/IMG_7776-1-scaled.jpg","twitter_misc":{"Verfasst von":"Merle Stuckmann","Gesch\u00e4tzte Lesezeit":"8\u00a0Minuten"},"schema":{"@context":"https:\/\/schema.org","@graph":[{"@type":"WebPage","@id":"https:\/\/www.rothkopf-huberty.de\/blog\/festivalbranche-live-vom-reeperbahn-festival-zu-future-of-festivals\/","url":"https:\/\/www.rothkopf-huberty.de\/blog\/festivalbranche-live-vom-reeperbahn-festival-zu-future-of-festivals\/","name":"Von Hamburg nach Berlin: Reeperbahn Festival & Future of Festivals","isPartOf":{"@id":"https:\/\/www.rothkopf-huberty.de\/blog\/#website"},"primaryImageOfPage":{"@id":"https:\/\/www.rothkopf-huberty.de\/blog\/festivalbranche-live-vom-reeperbahn-festival-zu-future-of-festivals\/#primaryimage"},"image":{"@id":"https:\/\/www.rothkopf-huberty.de\/blog\/festivalbranche-live-vom-reeperbahn-festival-zu-future-of-festivals\/#primaryimage"},"thumbnailUrl":"https:\/\/www.rothkopf-huberty.de\/blog\/wp-content\/uploads\/IMG_5361-2-738x1024.jpg","datePublished":"2022-12-06T16:30:28+00:00","dateModified":"2022-12-06T16:32:15+00:00","author":{"@id":"https:\/\/www.rothkopf-huberty.de\/blog\/#\/schema\/person\/307db25532a83583653bc3d11bec91af"},"description":"R&H Live! war f\u00fcr euch bei beiden Veranstaltungen am Start und und berichte jetzt \u00fcber die wichtigsten Erkenntnisse der Festivalbranche.","breadcrumb":{"@id":"https:\/\/www.rothkopf-huberty.de\/blog\/festivalbranche-live-vom-reeperbahn-festival-zu-future-of-festivals\/#breadcrumb"},"inLanguage":"de","potentialAction":[{"@type":"ReadAction","target":["https:\/\/www.rothkopf-huberty.de\/blog\/festivalbranche-live-vom-reeperbahn-festival-zu-future-of-festivals\/"]}]},{"@type":"ImageObject","inLanguage":"de","@id":"https:\/\/www.rothkopf-huberty.de\/blog\/festivalbranche-live-vom-reeperbahn-festival-zu-future-of-festivals\/#primaryimage","url":"https:\/\/www.rothkopf-huberty.de\/blog\/wp-content\/uploads\/IMG_5361-2.jpg","contentUrl":"https:\/\/www.rothkopf-huberty.de\/blog\/wp-content\/uploads\/IMG_5361-2.jpg","width":926,"height":1285},{"@type":"BreadcrumbList","@id":"https:\/\/www.rothkopf-huberty.de\/blog\/festivalbranche-live-vom-reeperbahn-festival-zu-future-of-festivals\/#breadcrumb","itemListElement":[{"@type":"ListItem","position":1,"name":"Startseite","item":"https:\/\/www.rothkopf-huberty.de\/blog\/"},{"@type":"ListItem","position":2,"name":"Von Hamburg nach Berlin: Reeperbahn Festival &#038; Future of Festivals"}]},{"@type":"WebSite","@id":"https:\/\/www.rothkopf-huberty.de\/blog\/#website","url":"https:\/\/www.rothkopf-huberty.de\/blog\/","name":"Rothkopf &amp; Huberty Blog","description":"Das &quot;WOW!&quot; erleben","potentialAction":[{"@type":"SearchAction","target":{"@type":"EntryPoint","urlTemplate":"https:\/\/www.rothkopf-huberty.de\/blog\/?s={search_term_string}"},"query-input":"required name=search_term_string"}],"inLanguage":"de"},{"@type":"Person","@id":"https:\/\/www.rothkopf-huberty.de\/blog\/#\/schema\/person\/307db25532a83583653bc3d11bec91af","name":"Merle Stuckmann","image":{"@type":"ImageObject","inLanguage":"de","@id":"https:\/\/www.rothkopf-huberty.de\/blog\/#\/schema\/person\/image\/","url":"https:\/\/secure.gravatar.com\/avatar\/2178de21f7156f749ee41373c62d4e2d729dd32478f5a6fe3f820240bbed50de?s=96&d=mm&r=g","contentUrl":"https:\/\/secure.gravatar.com\/avatar\/2178de21f7156f749ee41373c62d4e2d729dd32478f5a6fe3f820240bbed50de?s=96&d=mm&r=g","caption":"Merle Stuckmann"},"sameAs":["http:\/\/www.rothkopf-huberty.de"],"url":"https:\/\/www.rothkopf-huberty.de\/blog\/author\/rothkopf-huberty-blog-merlestuckmannwp-ea5iqe\/"}]}},"_links":{"self":[{"href":"https:\/\/www.rothkopf-huberty.de\/blog\/wp-json\/wp\/v2\/posts\/1024","targetHints":{"allow":["GET"]}}],"collection":[{"href":"https:\/\/www.rothkopf-huberty.de\/blog\/wp-json\/wp\/v2\/posts"}],"about":[{"href":"https:\/\/www.rothkopf-huberty.de\/blog\/wp-json\/wp\/v2\/types\/post"}],"author":[{"embeddable":true,"href":"https:\/\/www.rothkopf-huberty.de\/blog\/wp-json\/wp\/v2\/users\/2"}],"replies":[{"embeddable":true,"href":"https:\/\/www.rothkopf-huberty.de\/blog\/wp-json\/wp\/v2\/comments?post=1024"}],"version-history":[{"count":108,"href":"https:\/\/www.rothkopf-huberty.de\/blog\/wp-json\/wp\/v2\/posts\/1024\/revisions"}],"predecessor-version":[{"id":1140,"href":"https:\/\/www.rothkopf-huberty.de\/blog\/wp-json\/wp\/v2\/posts\/1024\/revisions\/1140"}],"wp:attachment":[{"href":"https:\/\/www.rothkopf-huberty.de\/blog\/wp-json\/wp\/v2\/media?parent=1024"}],"wp:term":[{"taxonomy":"category","embeddable":true,"href":"https:\/\/www.rothkopf-huberty.de\/blog\/wp-json\/wp\/v2\/categories?post=1024"},{"taxonomy":"post_tag","embeddable":true,"href":"https:\/\/www.rothkopf-huberty.de\/blog\/wp-json\/wp\/v2\/tags?post=1024"}],"curies":[{"name":"wp","href":"https:\/\/api.w.org\/{rel}","templated":true}]}}