{"id":1393,"date":"2023-05-24T11:53:12","date_gmt":"2023-05-24T09:53:12","guid":{"rendered":"https:\/\/www.rothkopf-huberty.de\/blog\/?p=1393"},"modified":"2023-06-01T20:08:48","modified_gmt":"2023-06-01T18:08:48","slug":"faces-of-festivals-thomas-reischer","status":"publish","type":"post","link":"https:\/\/www.rothkopf-huberty.de\/blog\/faces-of-festivals-thomas-reischer\/","title":{"rendered":"Faces of Festivals \u2013 Thomas Reischer"},"content":{"rendered":"\n<p><\/p>\n\n\n\n<div class=\"wp-block-columns is-layout-flex wp-container-core-columns-is-layout-9d6595d7 wp-block-columns-is-layout-flex\">\n<div class=\"wp-block-column is-layout-flow wp-block-column-is-layout-flow\" style=\"flex-basis:66.66%\">\n<p>Auf zum n\u00e4chsten Interview-Partner f\u00fcr unsere neue Reihe <strong>\u201eFaces of Festivals\u201c<\/strong>! Der Ort, wo wir Pers\u00f6nlichkeiten, Kenner:innen und andere spannende Gesichter der Festival-Branche zu Wort kommen lassen. Manchmal lang und ausschweifend, manchmal kurz und knackig&#8230; Ganz nach Pers\u00f6nlichkeit und Charakter. Immer individuell, immer spannend.<\/p>\n\n\n\n<p>Diesmal hat uns Thomas Reischer \u2013 oder einfach nur &#8222;Reischie&#8220; \u2013 Rede und Antwort gestanden. Als Projektleiter vom <a href=\"https:\/\/www.gastro-team-bremen.de\" target=\"_blank\" rel=\"noreferrer noopener\">GTB Gastro Team Bremen<\/a> ist sein Metier vor allem Bier, Schnaps &amp; Wein \u2013 und das auf den gr\u00f6\u00dften Festivals in Deutschland. <\/p>\n\n\n\n<p>        <br>Und nun auf zum interessanten Teil: unserem Interview!<br><br>      <\/p>\n<\/div>\n\n\n\n<div class=\"wp-block-column is-layout-flow wp-block-column-is-layout-flow\" style=\"flex-basis:33.33%\">\n<figure class=\"wp-block-image size-large is-resized is-style-default\"><img loading=\"lazy\" decoding=\"async\" src=\"https:\/\/www.rothkopf-huberty.de\/blog\/wp-content\/uploads\/tv_1337-Kopie-1024x1024.jpg\" alt=\"\" class=\"wp-image-1594\" width=\"281\" height=\"281\" srcset=\"https:\/\/www.rothkopf-huberty.de\/blog\/wp-content\/uploads\/tv_1337-Kopie-1024x1024.jpg 1024w, https:\/\/www.rothkopf-huberty.de\/blog\/wp-content\/uploads\/tv_1337-Kopie-300x300.jpg 300w, https:\/\/www.rothkopf-huberty.de\/blog\/wp-content\/uploads\/tv_1337-Kopie-150x150.jpg 150w, https:\/\/www.rothkopf-huberty.de\/blog\/wp-content\/uploads\/tv_1337-Kopie-768x768.jpg 768w, https:\/\/www.rothkopf-huberty.de\/blog\/wp-content\/uploads\/tv_1337-Kopie-1536x1536.jpg 1536w, https:\/\/www.rothkopf-huberty.de\/blog\/wp-content\/uploads\/tv_1337-Kopie-2048x2048.jpg 2048w, https:\/\/www.rothkopf-huberty.de\/blog\/wp-content\/uploads\/tv_1337-Kopie-1568x1568.jpg 1568w\" sizes=\"auto, (max-width: 281px) 100vw, 281px\" \/><\/figure>\n<\/div>\n<\/div>\n\n\n\n<p>      <br>      <\/p>\n\n\n\n<figure class=\"wp-block-pullquote\"><blockquote><p>Mein Festivalhighlight der letzten Jahre war definitiv das Rock im Park 2022! Man hat den Besucher:innen die 3-j\u00e4hrige Festival-Enthaltsamkeit deutlich angemerkt und ich habe selten so ein positiv aufgeladenes Knistern wahrgenommen.<\/p><cite>Thomas \u201eReischie\u201c Reischer<\/cite><\/blockquote><\/figure>\n\n\n\n<div class=\"wp-block-columns is-layout-flex wp-container-core-columns-is-layout-9d6595d7 wp-block-columns-is-layout-flex\">\n<div class=\"wp-block-column is-layout-flow wp-block-column-is-layout-flow\" style=\"flex-basis:33.33%\"><div class=\"wp-block-image is-style-default\">\n<figure class=\"alignleft size-large\"><img loading=\"lazy\" decoding=\"async\" width=\"404\" height=\"1024\" src=\"https:\/\/www.rothkopf-huberty.de\/blog\/wp-content\/uploads\/Bildschirmfoto-2023-05-11-um-11.19.04-404x1024.png\" alt=\"\" class=\"wp-image-1597\" srcset=\"https:\/\/www.rothkopf-huberty.de\/blog\/wp-content\/uploads\/Bildschirmfoto-2023-05-11-um-11.19.04-404x1024.png 404w, https:\/\/www.rothkopf-huberty.de\/blog\/wp-content\/uploads\/Bildschirmfoto-2023-05-11-um-11.19.04-118x300.png 118w, https:\/\/www.rothkopf-huberty.de\/blog\/wp-content\/uploads\/Bildschirmfoto-2023-05-11-um-11.19.04.png 710w\" sizes=\"auto, (max-width: 404px) 100vw, 404px\" \/><\/figure>\n<\/div><\/div>\n\n\n\n<div class=\"wp-block-column is-layout-flow wp-block-column-is-layout-flow\" style=\"flex-basis:66.66%\">\n<p class=\"has-text-align-left\"><strong>Wenn du dich in drei Hashtags beschreiben m\u00fcsstest, welche w\u00e4ren es dann?<\/strong><br>Auf jeden Fall #zielorientiert und #flexibel \u2013 denn in meinem Job als Projektleiter gibt es kaum Routine. Und wenn es doch mal chaotisch wird, sag ich nur: #l\u00e4chelnhilftmehralsschreien <br><br><strong>Wie sch\u00e4tzt Du pers\u00f6nlich die Zukunft der Festival-Saison 2023 ein?<\/strong><br>Die Besucher:innen sind deutlich preissensibler als noch 2022. Sie schauen sich im Vorhinein die Festivals hinsichtlich des Line-Ups und der gestiegenen Ticket-Preise genauer an.<br><br><strong>Wie findet das Thema Nachhaltigkeit in Deinem beruflichen Umfeld statt?<\/strong><br>Wir beobachten einen starken Bedarf, wenn es um Nachhaltigkeitskonzepte geht. Wir, das Gastro Team Bremen, haben selbst schon bei verschiedenen Festivals entsprechende Konzepte umgesetzt. Bei unserem Festival- und Tourcatering setzen wir auf Mehrweg-Becher- und Geschirr-Systeme oder bieten auch kompostierbares Geschirr an. Allerdings bedarf es doch noch viel \u00dcberzeugungsarbeit bei Veranstalter:innen und Besucher:innen. Nachhaltigkeit kostet halt auch.<br><br><strong>Konzert-Streaming. Ein Thema. Deine Meinung?<\/strong><br>Live ist f\u00fcr alle Sinne und nicht zu ersetzen. Streaming ist dann nur noch Leicht- statt Vollbier.<br><br><strong>Was treibt Dich an? Was zaubert Dir beruflich ein L\u00e4cheln ins Gesicht?<\/strong>&nbsp;<br>Das ist ganz einfach: Den Besucher:innen eine gute Zeit bereitet zu haben. Wenn die Besucher:innen l\u00e4chelnd vom Gel\u00e4nde gehen, die F\u00e4sser leer sind und der Abbau gut funktioniert hat, dann habe ich meine Arbeit richtig gemacht.<br><br><strong>Wo sehen oder treffen wir Dich in 5 Jahren?&nbsp;Was wird Dein n\u00e4chstes Projekt?&nbsp;<\/strong><br>Vermutlich immer noch auf irgendeinem Festivalgel\u00e4nde.<\/p>\n<\/div>\n<\/div>\n\n\n\n<p>     <br><em>Das hoffen wir auch, Reischie! Danke, dass auch du dir die Zeit f\u00fcr unsere Fragen genommen hast und viel Spa\u00df beim diesj\u00e4hrigen Rock im Park! Da wirst du sicherlich wieder voll auf deine Kosten kommen \u2013 na, wenn das nicht mal ne \u00dcberleitung zur n\u00e4chsten Rubrik ist. <\/em><br>    <br>   <\/p>\n\n\n\n<h2 class=\"wp-block-heading\">Unsere Festival-Playlist.<\/h2>\n\n\n\n<p>       <\/p>\n\n\n\n<p>Auch Reischie durfte drei Songs auf unsere R&amp;H Festival-Playlist packen. Bei ihm &#8222;rockt&#8220; es gerne &#8222;hard&#8220;. F\u00fchlen wir!<\/p>\n\n\n\n<div class=\"wp-block-columns is-layout-flex wp-container-core-columns-is-layout-9d6595d7 wp-block-columns-is-layout-flex\">\n<div class=\"wp-block-column is-layout-flow wp-block-column-is-layout-flow\">\n<p>      <\/p>\n\n\n\n<ul class=\"wp-block-list\">\n<li>Rage Against The Machine \u2013 Killing In The Name<\/li>\n\n\n\n<li>AC\/DC \u2013 You Shook Me All Night Long<\/li>\n\n\n\n<li>Kiss \u2013 Rock And Roll All Nite<\/li>\n<\/ul>\n<\/div>\n\n\n\n<div class=\"wp-block-column is-layout-flow wp-block-column-is-layout-flow\">\n<div class=\"wp-block-group\"><div class=\"wp-block-group__inner-container is-layout-constrained wp-block-group-is-layout-constrained\">\n<figure class=\"wp-block-embed is-type-rich is-provider-spotify wp-block-embed-spotify wp-embed-aspect-21-9 wp-has-aspect-ratio\"><div class=\"wp-block-embed__wrapper\">\n<iframe title=\"Spotify Embed: Faces of Festivals \" style=\"border-radius: 12px\" width=\"100%\" height=\"352\" frameborder=\"0\" allowfullscreen allow=\"autoplay; clipboard-write; encrypted-media; fullscreen; picture-in-picture\" loading=\"lazy\" src=\"https:\/\/open.spotify.com\/embed\/playlist\/2PM4YDdSU3ouigCXvA3j1m?utm_source=oembed\"><\/iframe>\n<\/div><\/figure>\n<\/div><\/div>\n<\/div>\n<\/div>\n\n\n\n<p>Na, das kann doch was, oder? Sp\u00e4testens jetzt wei\u00df man auch, warum es wohl gerade das Rock im Park war, das Reischie so derbe gefeiert hat. Ob er wohl auch eine Collection an Band-Shirts bei sich im Schrank hat? Wir w\u00fcrden es an dieser Stelle einfach mal vermuten. <br><br>Nat\u00fcrlich haben wir diese Rock-Klassiker direkt auf unsere <a href=\"https:\/\/open.spotify.com\/playlist\/2PM4YDdSU3ouigCXvA3j1m\" target=\"_blank\" rel=\"noreferrer noopener\">&#8222;Faces of Festivals&#8220;-Playlist<\/a> bei Spotify gepacken. Wer also Lust zum Headbangen hat, das sind eure Tracks!<\/p>\n\n\n\n<h2 class=\"wp-block-heading\">     <br>Eine elektronische Zugabe!<\/h2>\n\n\n\n<p>       <\/p>\n\n\n\n<div class=\"wp-block-columns is-layout-flex wp-container-core-columns-is-layout-9d6595d7 wp-block-columns-is-layout-flex\">\n<div class=\"wp-block-column is-layout-flow wp-block-column-is-layout-flow\">\n<p>Nach Standing Ovations (und wahrscheinlich mehreren zertr\u00fcmmerten Gitarren), sorgt Alina nun f\u00fcr einen musikalischen Ausgleich mit ihren Top 3 der Festival-Songs.<\/p>\n\n\n\n<ul class=\"wp-block-list\">\n<li>Fred again.. \u2013 Jungle<\/li>\n\n\n\n<li>Ahmed Spins &amp; Stevo Atambire \u2013 Anchor Point<\/li>\n\n\n\n<li>WilhelmOttoKlaus \u2013 Aperol Spritz<\/li>\n<\/ul>\n\n\n\n<p><\/p>\n<\/div>\n\n\n\n<div class=\"wp-block-column is-vertically-aligned-top is-layout-flow wp-block-column-is-layout-flow\">\n<p>Seit 2017 ist Alina die Power im Projektmanagement unserer Unit <a href=\"https:\/\/www.rothkopf-huberty.de\/leistungen\/rh-live\/\" target=\"_blank\" rel=\"noreferrer noopener\">R&amp;H Live!<\/a>, begleitet unsere Promoter:innen auf den verschiedenen Festivals und bringt neben einer Menge Kompetenz auch ganz viel Leidenschaft und gute Vibes mit. Und wer sie kennt, wei\u00df wovon wir sprechen.<\/p>\n\n\n\n<p><br><\/p>\n\n\n\n<p><br><br><\/p>\n<\/div>\n<\/div>\n\n\n\n<hr class=\"wp-block-separator has-alpha-channel-opacity\"\/>\n\n\n\n<p>     <\/p>\n\n\n\n<p>Alle Songs unserer vorherigen Interviewpartner:innen und Kolleg:innen findet ihr ab jetzt in unserer Festival-Playlist <a href=\"https:\/\/open.spotify.com\/playlist\/2PM4YDdSU3ouigCXvA3j1m\" target=\"_blank\" rel=\"noreferrer noopener\">&#8222;Faces of Festivals&#8220;<\/a> auf Spotify. Welche K\u00fcnstler:innen sich wohl als n\u00e4chstes dazu gesellen werden&#8230;? Das findet ihr ganz easy heraus, wenn ihr unsere Playlist abonniert.<br><br>Ganz sicher ist aber jetzt schon, dass wir im n\u00e4chsten Interview mit Philipp Helmers, zust\u00e4ndig f\u00fcr Vertrieb und Marketing bei der Seekers Event GmbH und Content Manager f\u00fcr das <a href=\"https:\/\/sonnemondsterne.de\" target=\"_blank\" rel=\"noreferrer noopener\">SonneMondSterne-Festival<\/a> sprechen werden. In diesem Sinne: See you soon!<\/p>\n","protected":false},"excerpt":{"rendered":"<p>Auf zum n\u00e4chsten Interview-Partner f\u00fcr unsere neue Reihe \u201eFaces of Festivals\u201c! Der Ort, wo wir Pers\u00f6nlichkeiten, Kenner:innen und andere spannende Gesichter der Festival-Branche zu Wort kommen lassen. Manchmal lang und ausschweifend, manchmal kurz und knackig&#8230; Ganz nach Pers\u00f6nlichkeit und Charakter. Immer individuell, immer spannend. Diesmal hat uns Thomas Reischer \u2013 oder einfach nur &#8222;Reischie&#8220; \u2013 Rede und Antwort gestanden. Als Projektleiter vom GTB Gastro Team Bremen ist sein Metier vor allem Bier, Schnaps &amp; Wein \u2013 und das auf den gr\u00f6\u00dften Festivals in Deutschland. Und nun auf zum interessanten Teil: unserem Interview! Mein Festivalhighlight der letzten Jahre war definitiv das&hellip; <a class=\"more-link\" href=\"https:\/\/www.rothkopf-huberty.de\/blog\/faces-of-festivals-thomas-reischer\/\"><span class=\"screen-reader-text\">Faces of Festivals \u2013 Thomas Reischer<\/span> weiterlesen<\/a><\/p>\n","protected":false},"author":2,"featured_media":0,"comment_status":"open","ping_status":"open","sticky":false,"template":"","format":"standard","meta":{"_acf_changed":false,"footnotes":""},"categories":[3],"tags":[11,39,25,79,80,9,78,23,45,31],"class_list":["post-1393","post","type-post","status-publish","format-standard","hentry","category-rh-live","tag-festival","tag-festivalbranche","tag-festivalpromotion","tag-gastro","tag-gastronomie","tag-marketing","tag-playlist","tag-promotion","tag-spotify","tag-werbeagentur","entry"],"acf":[],"yoast_head":"<!-- This site is optimized with the Yoast SEO plugin v23.0 - https:\/\/yoast.com\/wordpress\/plugins\/seo\/ -->\n<title>Faces of Festivals \u2013 Thomas Reischer<\/title>\n<meta name=\"description\" content=\"Auf zum n\u00e4chsten Interview f\u00fcr unsere neue Reihe \u201eFaces of Festivals\u201c \u2013 diesmal mit Thomas &quot;Reischie&quot; Reischer.\" \/>\n<meta name=\"robots\" content=\"index, follow, max-snippet:-1, max-image-preview:large, max-video-preview:-1\" \/>\n<link rel=\"canonical\" href=\"https:\/\/www.rothkopf-huberty.de\/blog\/faces-of-festivals-thomas-reischer\/\" \/>\n<meta property=\"og:locale\" content=\"de_DE\" \/>\n<meta property=\"og:type\" content=\"article\" \/>\n<meta property=\"og:title\" content=\"Interview &quot;Faces of Festivals&quot; mit Thomas &quot;Reischie&quot; Reischer\" \/>\n<meta property=\"og:description\" content=\"Auf zum n\u00e4chsten Interview f\u00fcr unsere neue Reihe \u201eFaces of Festivals\u201c \u2013 diesmal mit Thomas &quot;Reischie&quot; Reischer.\" \/>\n<meta property=\"og:url\" content=\"https:\/\/www.rothkopf-huberty.de\/blog\/faces-of-festivals-thomas-reischer\/\" \/>\n<meta property=\"og:site_name\" content=\"Rothkopf &amp; Huberty Blog\" \/>\n<meta property=\"article:published_time\" content=\"2023-05-24T09:53:12+00:00\" \/>\n<meta property=\"article:modified_time\" content=\"2023-06-01T18:08:48+00:00\" \/>\n<meta property=\"og:image\" content=\"https:\/\/www.rothkopf-huberty.de\/blog\/wp-content\/uploads\/jay-wennington-D50-Scbp1HU-unsplash-scaled.jpg\" \/>\n\t<meta property=\"og:image:width\" content=\"2560\" \/>\n\t<meta property=\"og:image:height\" content=\"1707\" \/>\n\t<meta property=\"og:image:type\" content=\"image\/jpeg\" \/>\n<meta name=\"author\" content=\"Merle Stuckmann\" \/>\n<meta name=\"twitter:card\" content=\"summary_large_image\" \/>\n<meta name=\"twitter:title\" content=\"Interview &quot;Faces of Festivals&quot; mit Thomas &quot;Reischie&quot; Reischer\" \/>\n<meta name=\"twitter:description\" content=\"Auf zum n\u00e4chsten Interview f\u00fcr unsere neue Reihe \u201eFaces of Festivals\u201c \u2013 diesmal mit Thomas &quot;Reischie&quot; Reischer.\" \/>\n<meta name=\"twitter:image\" content=\"https:\/\/www.rothkopf-huberty.de\/blog\/wp-content\/uploads\/jay-wennington-D50-Scbp1HU-unsplash-scaled.jpg\" \/>\n<meta name=\"twitter:label1\" content=\"Verfasst von\" \/>\n\t<meta name=\"twitter:data1\" content=\"Merle Stuckmann\" \/>\n\t<meta name=\"twitter:label2\" content=\"Gesch\u00e4tzte Lesezeit\" \/>\n\t<meta name=\"twitter:data2\" content=\"4\u00a0Minuten\" \/>\n<script type=\"application\/ld+json\" class=\"yoast-schema-graph\">{\"@context\":\"https:\/\/schema.org\",\"@graph\":[{\"@type\":\"WebPage\",\"@id\":\"https:\/\/www.rothkopf-huberty.de\/blog\/faces-of-festivals-thomas-reischer\/\",\"url\":\"https:\/\/www.rothkopf-huberty.de\/blog\/faces-of-festivals-thomas-reischer\/\",\"name\":\"Faces of Festivals \u2013 Thomas Reischer\",\"isPartOf\":{\"@id\":\"https:\/\/www.rothkopf-huberty.de\/blog\/#website\"},\"primaryImageOfPage\":{\"@id\":\"https:\/\/www.rothkopf-huberty.de\/blog\/faces-of-festivals-thomas-reischer\/#primaryimage\"},\"image\":{\"@id\":\"https:\/\/www.rothkopf-huberty.de\/blog\/faces-of-festivals-thomas-reischer\/#primaryimage\"},\"thumbnailUrl\":\"https:\/\/www.rothkopf-huberty.de\/blog\/wp-content\/uploads\/tv_1337-Kopie-1024x1024.jpg\",\"datePublished\":\"2023-05-24T09:53:12+00:00\",\"dateModified\":\"2023-06-01T18:08:48+00:00\",\"author\":{\"@id\":\"https:\/\/www.rothkopf-huberty.de\/blog\/#\/schema\/person\/307db25532a83583653bc3d11bec91af\"},\"description\":\"Auf zum n\u00e4chsten Interview f\u00fcr unsere neue Reihe \u201eFaces of Festivals\u201c \u2013 diesmal mit Thomas \\\"Reischie\\\" Reischer.\",\"breadcrumb\":{\"@id\":\"https:\/\/www.rothkopf-huberty.de\/blog\/faces-of-festivals-thomas-reischer\/#breadcrumb\"},\"inLanguage\":\"de\",\"potentialAction\":[{\"@type\":\"ReadAction\",\"target\":[\"https:\/\/www.rothkopf-huberty.de\/blog\/faces-of-festivals-thomas-reischer\/\"]}]},{\"@type\":\"ImageObject\",\"inLanguage\":\"de\",\"@id\":\"https:\/\/www.rothkopf-huberty.de\/blog\/faces-of-festivals-thomas-reischer\/#primaryimage\",\"url\":\"https:\/\/www.rothkopf-huberty.de\/blog\/wp-content\/uploads\/tv_1337-Kopie-1024x1024.jpg\",\"contentUrl\":\"https:\/\/www.rothkopf-huberty.de\/blog\/wp-content\/uploads\/tv_1337-Kopie-1024x1024.jpg\"},{\"@type\":\"BreadcrumbList\",\"@id\":\"https:\/\/www.rothkopf-huberty.de\/blog\/faces-of-festivals-thomas-reischer\/#breadcrumb\",\"itemListElement\":[{\"@type\":\"ListItem\",\"position\":1,\"name\":\"Startseite\",\"item\":\"https:\/\/www.rothkopf-huberty.de\/blog\/\"},{\"@type\":\"ListItem\",\"position\":2,\"name\":\"Faces of Festivals \u2013 Thomas Reischer\"}]},{\"@type\":\"WebSite\",\"@id\":\"https:\/\/www.rothkopf-huberty.de\/blog\/#website\",\"url\":\"https:\/\/www.rothkopf-huberty.de\/blog\/\",\"name\":\"Rothkopf &amp; Huberty Blog\",\"description\":\"Das &quot;WOW!&quot; erleben\",\"potentialAction\":[{\"@type\":\"SearchAction\",\"target\":{\"@type\":\"EntryPoint\",\"urlTemplate\":\"https:\/\/www.rothkopf-huberty.de\/blog\/?s={search_term_string}\"},\"query-input\":\"required name=search_term_string\"}],\"inLanguage\":\"de\"},{\"@type\":\"Person\",\"@id\":\"https:\/\/www.rothkopf-huberty.de\/blog\/#\/schema\/person\/307db25532a83583653bc3d11bec91af\",\"name\":\"Merle Stuckmann\",\"image\":{\"@type\":\"ImageObject\",\"inLanguage\":\"de\",\"@id\":\"https:\/\/www.rothkopf-huberty.de\/blog\/#\/schema\/person\/image\/\",\"url\":\"https:\/\/secure.gravatar.com\/avatar\/2178de21f7156f749ee41373c62d4e2d729dd32478f5a6fe3f820240bbed50de?s=96&d=mm&r=g\",\"contentUrl\":\"https:\/\/secure.gravatar.com\/avatar\/2178de21f7156f749ee41373c62d4e2d729dd32478f5a6fe3f820240bbed50de?s=96&d=mm&r=g\",\"caption\":\"Merle Stuckmann\"},\"sameAs\":[\"http:\/\/www.rothkopf-huberty.de\"],\"url\":\"https:\/\/www.rothkopf-huberty.de\/blog\/author\/rothkopf-huberty-blog-merlestuckmannwp-ea5iqe\/\"}]}<\/script>\n<!-- \/ Yoast SEO plugin. -->","yoast_head_json":{"title":"Faces of Festivals \u2013 Thomas Reischer","description":"Auf zum n\u00e4chsten Interview f\u00fcr unsere neue Reihe \u201eFaces of Festivals\u201c \u2013 diesmal mit Thomas \"Reischie\" Reischer.","robots":{"index":"index","follow":"follow","max-snippet":"max-snippet:-1","max-image-preview":"max-image-preview:large","max-video-preview":"max-video-preview:-1"},"canonical":"https:\/\/www.rothkopf-huberty.de\/blog\/faces-of-festivals-thomas-reischer\/","og_locale":"de_DE","og_type":"article","og_title":"Interview \"Faces of Festivals\" mit Thomas \"Reischie\" Reischer","og_description":"Auf zum n\u00e4chsten Interview f\u00fcr unsere neue Reihe \u201eFaces of Festivals\u201c \u2013 diesmal mit Thomas \"Reischie\" Reischer.","og_url":"https:\/\/www.rothkopf-huberty.de\/blog\/faces-of-festivals-thomas-reischer\/","og_site_name":"Rothkopf &amp; Huberty Blog","article_published_time":"2023-05-24T09:53:12+00:00","article_modified_time":"2023-06-01T18:08:48+00:00","og_image":[{"width":2560,"height":1707,"url":"https:\/\/www.rothkopf-huberty.de\/blog\/wp-content\/uploads\/jay-wennington-D50-Scbp1HU-unsplash-scaled.jpg","type":"image\/jpeg"}],"author":"Merle Stuckmann","twitter_card":"summary_large_image","twitter_title":"Interview \"Faces of Festivals\" mit Thomas \"Reischie\" Reischer","twitter_description":"Auf zum n\u00e4chsten Interview f\u00fcr unsere neue Reihe \u201eFaces of Festivals\u201c \u2013 diesmal mit Thomas \"Reischie\" Reischer.","twitter_image":"https:\/\/www.rothkopf-huberty.de\/blog\/wp-content\/uploads\/jay-wennington-D50-Scbp1HU-unsplash-scaled.jpg","twitter_misc":{"Verfasst von":"Merle Stuckmann","Gesch\u00e4tzte Lesezeit":"4\u00a0Minuten"},"schema":{"@context":"https:\/\/schema.org","@graph":[{"@type":"WebPage","@id":"https:\/\/www.rothkopf-huberty.de\/blog\/faces-of-festivals-thomas-reischer\/","url":"https:\/\/www.rothkopf-huberty.de\/blog\/faces-of-festivals-thomas-reischer\/","name":"Faces of Festivals \u2013 Thomas Reischer","isPartOf":{"@id":"https:\/\/www.rothkopf-huberty.de\/blog\/#website"},"primaryImageOfPage":{"@id":"https:\/\/www.rothkopf-huberty.de\/blog\/faces-of-festivals-thomas-reischer\/#primaryimage"},"image":{"@id":"https:\/\/www.rothkopf-huberty.de\/blog\/faces-of-festivals-thomas-reischer\/#primaryimage"},"thumbnailUrl":"https:\/\/www.rothkopf-huberty.de\/blog\/wp-content\/uploads\/tv_1337-Kopie-1024x1024.jpg","datePublished":"2023-05-24T09:53:12+00:00","dateModified":"2023-06-01T18:08:48+00:00","author":{"@id":"https:\/\/www.rothkopf-huberty.de\/blog\/#\/schema\/person\/307db25532a83583653bc3d11bec91af"},"description":"Auf zum n\u00e4chsten Interview f\u00fcr unsere neue Reihe \u201eFaces of Festivals\u201c \u2013 diesmal mit Thomas \"Reischie\" Reischer.","breadcrumb":{"@id":"https:\/\/www.rothkopf-huberty.de\/blog\/faces-of-festivals-thomas-reischer\/#breadcrumb"},"inLanguage":"de","potentialAction":[{"@type":"ReadAction","target":["https:\/\/www.rothkopf-huberty.de\/blog\/faces-of-festivals-thomas-reischer\/"]}]},{"@type":"ImageObject","inLanguage":"de","@id":"https:\/\/www.rothkopf-huberty.de\/blog\/faces-of-festivals-thomas-reischer\/#primaryimage","url":"https:\/\/www.rothkopf-huberty.de\/blog\/wp-content\/uploads\/tv_1337-Kopie-1024x1024.jpg","contentUrl":"https:\/\/www.rothkopf-huberty.de\/blog\/wp-content\/uploads\/tv_1337-Kopie-1024x1024.jpg"},{"@type":"BreadcrumbList","@id":"https:\/\/www.rothkopf-huberty.de\/blog\/faces-of-festivals-thomas-reischer\/#breadcrumb","itemListElement":[{"@type":"ListItem","position":1,"name":"Startseite","item":"https:\/\/www.rothkopf-huberty.de\/blog\/"},{"@type":"ListItem","position":2,"name":"Faces of Festivals \u2013 Thomas Reischer"}]},{"@type":"WebSite","@id":"https:\/\/www.rothkopf-huberty.de\/blog\/#website","url":"https:\/\/www.rothkopf-huberty.de\/blog\/","name":"Rothkopf &amp; Huberty Blog","description":"Das &quot;WOW!&quot; erleben","potentialAction":[{"@type":"SearchAction","target":{"@type":"EntryPoint","urlTemplate":"https:\/\/www.rothkopf-huberty.de\/blog\/?s={search_term_string}"},"query-input":"required name=search_term_string"}],"inLanguage":"de"},{"@type":"Person","@id":"https:\/\/www.rothkopf-huberty.de\/blog\/#\/schema\/person\/307db25532a83583653bc3d11bec91af","name":"Merle Stuckmann","image":{"@type":"ImageObject","inLanguage":"de","@id":"https:\/\/www.rothkopf-huberty.de\/blog\/#\/schema\/person\/image\/","url":"https:\/\/secure.gravatar.com\/avatar\/2178de21f7156f749ee41373c62d4e2d729dd32478f5a6fe3f820240bbed50de?s=96&d=mm&r=g","contentUrl":"https:\/\/secure.gravatar.com\/avatar\/2178de21f7156f749ee41373c62d4e2d729dd32478f5a6fe3f820240bbed50de?s=96&d=mm&r=g","caption":"Merle Stuckmann"},"sameAs":["http:\/\/www.rothkopf-huberty.de"],"url":"https:\/\/www.rothkopf-huberty.de\/blog\/author\/rothkopf-huberty-blog-merlestuckmannwp-ea5iqe\/"}]}},"_links":{"self":[{"href":"https:\/\/www.rothkopf-huberty.de\/blog\/wp-json\/wp\/v2\/posts\/1393","targetHints":{"allow":["GET"]}}],"collection":[{"href":"https:\/\/www.rothkopf-huberty.de\/blog\/wp-json\/wp\/v2\/posts"}],"about":[{"href":"https:\/\/www.rothkopf-huberty.de\/blog\/wp-json\/wp\/v2\/types\/post"}],"author":[{"embeddable":true,"href":"https:\/\/www.rothkopf-huberty.de\/blog\/wp-json\/wp\/v2\/users\/2"}],"replies":[{"embeddable":true,"href":"https:\/\/www.rothkopf-huberty.de\/blog\/wp-json\/wp\/v2\/comments?post=1393"}],"version-history":[{"count":65,"href":"https:\/\/www.rothkopf-huberty.de\/blog\/wp-json\/wp\/v2\/posts\/1393\/revisions"}],"predecessor-version":[{"id":1733,"href":"https:\/\/www.rothkopf-huberty.de\/blog\/wp-json\/wp\/v2\/posts\/1393\/revisions\/1733"}],"wp:attachment":[{"href":"https:\/\/www.rothkopf-huberty.de\/blog\/wp-json\/wp\/v2\/media?parent=1393"}],"wp:term":[{"taxonomy":"category","embeddable":true,"href":"https:\/\/www.rothkopf-huberty.de\/blog\/wp-json\/wp\/v2\/categories?post=1393"},{"taxonomy":"post_tag","embeddable":true,"href":"https:\/\/www.rothkopf-huberty.de\/blog\/wp-json\/wp\/v2\/tags?post=1393"}],"curies":[{"name":"wp","href":"https:\/\/api.w.org\/{rel}","templated":true}]}}